{"id":1720,"date":"2026-08-28T09:35:23","date_gmt":"2026-08-28T07:35:23","guid":{"rendered":"https:\/\/skola.karlstad.se\/elevborgarrad\/?p=1720"},"modified":"2026-08-28T09:35:23","modified_gmt":"2026-08-28T07:35:23","slug":"elevradsutbildning-2026","status":"publish","type":"post","link":"https:\/\/skola.karlstad.se\/elevborgarrad\/2026\/08\/28\/elevradsutbildning-2026\/","title":{"rendered":"Elevr\u00e5dsutbildning 2026"},"content":{"rendered":"\n<p class=\"wp-block-paragraph\">Nu bjuder Barn- och ungdomsf\u00f6rvaltningen \u00e5ter in kommunens elever\u00a0till utbildning i elevdemokrati. Utbildningen \u00e4r uppdelad p\u00e5 tv\u00e5  tillf\u00e4llen anpassad efter respektive stadie.<br>OBS: Anm\u00e4lan g\u00f6rs via rektor. Sista anm\u00e4lningsdag 2026.09.04\u00a0<br><a href=\"https:\/\/skola.karlstad.se\/elevborgarrad\/2025\/08\/15\/utbildning-for-elevradsrepresentanter\/\" data-type=\"post\" data-id=\"1363\">Klicka h\u00e4r f\u00f6r mer info<\/a> <\/p>\n\n\n\n<p class=\"wp-block-paragraph\">Datum: <br>18 september 09.00-11.00\u00a0 \u2013 \u00c5rskurs 7\u20139<br>29 september 09.00-11.00\u00a0\u2013\u00c5rskurs 4-6\u00a0<\/p>\n","protected":false},"excerpt":{"rendered":"<p>Nu bjuder Barn- och ungdomsf\u00f6rvaltningen \u00e5ter in kommunens elever\u00a0till utbildning i elevdemokrati. Utbildningen \u00e4r uppdelad p\u00e5 tv\u00e5 tillf\u00e4llen anpassad efter respektive stadie.OBS: Anm\u00e4lan g\u00f6rs via rektor. Sista anm\u00e4lningsdag 2026.09.04\u00a0Klicka h\u00e4r f\u00f6r mer info Datum: 18 september 09.00-11.00\u00a0 \u2013 \u00c5rskurs 7\u2013929 september 09.00-11.00\u00a0\u2013\u00c5rskurs 4-6\u00a0<\/p>\n","protected":false},"author":3598,"featured_media":0,"comment_status":"open","ping_status":"open","sticky":false,"template":"","format":"standard","meta":{"footnotes":""},"categories":[1],"tags":[],"class_list":["post-1720","post","type-post","status-publish","format-standard","hentry","category-okategoriserade"],"_links":{"self":[{"href":"https:\/\/skola.karlstad.se\/elevborgarrad\/wp-json\/wp\/v2\/posts\/1720","targetHints":{"allow":["GET"]}}],"collection":[{"href":"https:\/\/skola.karlstad.se\/elevborgarrad\/wp-json\/wp\/v2\/posts"}],"about":[{"href":"https:\/\/skola.karlstad.se\/elevborgarrad\/wp-json\/wp\/v2\/types\/post"}],"author":[{"embeddable":true,"href":"https:\/\/skola.karlstad.se\/elevborgarrad\/wp-json\/wp\/v2\/users\/3598"}],"replies":[{"embeddable":true,"href":"https:\/\/skola.karlstad.se\/elevborgarrad\/wp-json\/wp\/v2\/comments?post=1720"}],"version-history":[{"count":1,"href":"https:\/\/skola.karlstad.se\/elevborgarrad\/wp-json\/wp\/v2\/posts\/1720\/revisions"}],"predecessor-version":[{"id":1721,"href":"https:\/\/skola.karlstad.se\/elevborgarrad\/wp-json\/wp\/v2\/posts\/1720\/revisions\/1721"}],"wp:attachment":[{"href":"https:\/\/skola.karlstad.se\/elevborgarrad\/wp-json\/wp\/v2\/media?parent=1720"}],"wp:term":[{"taxonomy":"category","embeddable":true,"href":"https:\/\/skola.karlstad.se\/elevborgarrad\/wp-json\/wp\/v2\/categories?post=1720"},{"taxonomy":"post_tag","embeddable":true,"href":"https:\/\/skola.karlstad.se\/elevborgarrad\/wp-json\/wp\/v2\/tags?post=1720"}],"curies":[{"name":"wp","href":"https:\/\/api.w.org\/{rel}","templated":true}]}}